{"id":2632,"date":"2026-03-07T10:16:36","date_gmt":"2026-03-07T09:16:36","guid":{"rendered":"https:\/\/www.seniorenbeirat-wustrow.de\/?p=2632"},"modified":"2026-03-07T10:16:36","modified_gmt":"2026-03-07T09:16:36","slug":"alles-rund-um-die-pflegeversicherung-am-4-maerz-2026","status":"publish","type":"post","link":"https:\/\/www.seniorenbeirat-wustrow.de\/index.php\/2026\/03\/07\/alles-rund-um-die-pflegeversicherung-am-4-maerz-2026\/","title":{"rendered":"Alles rund um die Pflegeversicherung am 4. M\u00e4rz 2026"},"content":{"rendered":"\n<p>Am Mittwoch, den 4. M\u00e4rz um 14.30 fand eine Informationsveranstaltung<\/p>\n\n\n\n<p>zum Thema \u201ePflegeversicherung\u201c im Raum der Freiwilligen Feuerwehr statt.<\/p>\n\n\n\n<p>Frau Bruse und Frau Weber vom Pflegest\u00fctzpunkt Ribnitz-Damgarten informierten \u00fcber die aktuelle Situation und beantworteten diesbez\u00fcgliche Fragen zum Thema.<\/p>\n\n\n\n<p>Mag es am sch\u00f6nen Wetter gelegen haben? War es zeitlich zu fr\u00fch? (Geben Sie uns bitte R\u00fcckmeldungen.)<\/p>\n\n\n\n<p>Leider wurde dieses Mal die Veranstaltung von nur wenigen B\u00fcrgerinnen und B\u00fcrgern wahrgenommen. Nichtsdestotrotz wurde der Informationsbedarf der Anwesenden vollauf mit kompetenten und praxisnahen Inhalten rund um alle Belange der Pflegeversicherung von Antragstellung eines Pflegegrades, Begutachtung durch den Medizinischen Dienstes, Beantragung von Pflegemitteln, Hausnotruf und Wohnumfeld verbessernden Ma\u00dfnahmen, wie Treppenlift, um einige Beispiele zu nennen, beantwortet.<\/p>\n\n\n\n<p>Die Zeit verging wie im Fluge und der Nachmittag gestaltete sich lebendig, kurzweilig und \u00e4u\u00dferst informativ.<\/p>\n\n\n\n<p>An dieser Stelle besonders nennenswert ist die T\u00e4tigkeit der Nachbarschaftshelferinnen und &#8211; helfer, die nach einem kurzen Online-Lehrgang f\u00fcr ihren Einsatz bezuschusst werden. Ansprechpartner ist auch hier der Pflegest\u00fctzpunkt.<\/p>\n\n\n\n<p>Der Seniorenbeirat Wustrow bedankt sich herzlich bei Frau Bruse und Frau Weber f\u00fcr ihre kompetente Beratung.<\/p>\n\n\n\n<p>Der Pflegest\u00fctzpunkt ber\u00e4t kostenfrei f\u00fcr:<\/p>\n\n\n\n<ul class=\"wp-block-list\">\n<li>Informationen \u00fcber bundes- und landesrechtliche Sozialleistungen<\/li>\n\n\n\n<li>Ermittlung des individuellen Hilfebedarfs<\/li>\n\n\n\n<li>Begleitung von Angeh\u00f6rigen vom ersten Kontakt bis zur Umsetzung der gefundenen L\u00f6sung<\/li>\n\n\n\n<li>Antragstellung<\/li>\n\n\n\n<li>Koordination aller f\u00fcr die Versorgung und Betreuung wesentlichen pflegerischen und sozialen Unterst\u00fctzungsangebote<\/li>\n\n\n\n<li>Information von Rechtsanspr\u00fcchen von Pflegepersonen und vieles mehr<\/li>\n<\/ul>\n\n\n\n<p><strong>Kontakt: Pflegest\u00fctzpunkt Ribnitz-Damgarten<\/strong><\/p>\n\n\n\n<p>&nbsp;&nbsp;&nbsp;&nbsp;&nbsp;&nbsp;&nbsp;&nbsp;&nbsp;&nbsp;&nbsp; &nbsp;&nbsp;&nbsp;&nbsp; G\u00e4nsestra\u00dfe 2, 18311 Ribnitz-Damgarten<\/p>\n\n\n\n<p>&nbsp;&nbsp;&nbsp;&nbsp;&nbsp;&nbsp;&nbsp;&nbsp;&nbsp;&nbsp;&nbsp; &nbsp;&nbsp;&nbsp;&nbsp; Sozialberater\/-in 0381 357-1807<\/p>\n\n\n\n<p>&nbsp;&nbsp;&nbsp;&nbsp; per email: Pflegest\u00fctzpunktRDG@lk-vr.de<\/p>\n\n\n\n<figure class=\"wp-block-gallery has-nested-images columns-default is-cropped wp-block-gallery-1 is-layout-flex wp-block-gallery-is-layout-flex\">\n<figure class=\"wp-block-image size-large\"><img loading=\"lazy\" decoding=\"async\" width=\"640\" height=\"480\" data-id=\"2631\" src=\"https:\/\/www.seniorenbeirat-wustrow.de\/wp-content\/uploads\/2026\/03\/27656E4F-4210-4C6B-AEFE-9AD43C302091-IMG_1367.jpeg\" alt=\"\" class=\"wp-image-2631\" srcset=\"https:\/\/www.seniorenbeirat-wustrow.de\/wp-content\/uploads\/2026\/03\/27656E4F-4210-4C6B-AEFE-9AD43C302091-IMG_1367.jpeg 640w, https:\/\/www.seniorenbeirat-wustrow.de\/wp-content\/uploads\/2026\/03\/27656E4F-4210-4C6B-AEFE-9AD43C302091-IMG_1367-300x225.jpeg 300w, https:\/\/www.seniorenbeirat-wustrow.de\/wp-content\/uploads\/2026\/03\/27656E4F-4210-4C6B-AEFE-9AD43C302091-IMG_1367-230x173.jpeg 230w, https:\/\/www.seniorenbeirat-wustrow.de\/wp-content\/uploads\/2026\/03\/27656E4F-4210-4C6B-AEFE-9AD43C302091-IMG_1367-350x263.jpeg 350w, https:\/\/www.seniorenbeirat-wustrow.de\/wp-content\/uploads\/2026\/03\/27656E4F-4210-4C6B-AEFE-9AD43C302091-IMG_1367-480x360.jpeg 480w\" sizes=\"auto, (max-width: 640px) 100vw, 640px\" \/><\/figure>\n\n\n\n<figure class=\"wp-block-image size-large\"><img loading=\"lazy\" decoding=\"async\" width=\"640\" height=\"480\" data-id=\"2630\" src=\"https:\/\/www.seniorenbeirat-wustrow.de\/wp-content\/uploads\/2026\/03\/1667EAB7-5ACF-4BFC-B0CF-A06649D845D9-IMG_1365.jpeg\" alt=\"\" class=\"wp-image-2630\" srcset=\"https:\/\/www.seniorenbeirat-wustrow.de\/wp-content\/uploads\/2026\/03\/1667EAB7-5ACF-4BFC-B0CF-A06649D845D9-IMG_1365.jpeg 640w, https:\/\/www.seniorenbeirat-wustrow.de\/wp-content\/uploads\/2026\/03\/1667EAB7-5ACF-4BFC-B0CF-A06649D845D9-IMG_1365-300x225.jpeg 300w, https:\/\/www.seniorenbeirat-wustrow.de\/wp-content\/uploads\/2026\/03\/1667EAB7-5ACF-4BFC-B0CF-A06649D845D9-IMG_1365-230x173.jpeg 230w, https:\/\/www.seniorenbeirat-wustrow.de\/wp-content\/uploads\/2026\/03\/1667EAB7-5ACF-4BFC-B0CF-A06649D845D9-IMG_1365-350x263.jpeg 350w, https:\/\/www.seniorenbeirat-wustrow.de\/wp-content\/uploads\/2026\/03\/1667EAB7-5ACF-4BFC-B0CF-A06649D845D9-IMG_1365-480x360.jpeg 480w\" sizes=\"auto, (max-width: 640px) 100vw, 640px\" \/><\/figure>\n<\/figure>\n","protected":false},"excerpt":{"rendered":"<p>Am Mittwoch, den 4. M\u00e4rz um 14.30 fand eine Informationsveranstaltung zum Thema \u201ePflegeversicherung\u201c im Raum der Freiwilligen Feuerwehr statt. Frau Bruse und [&hellip;]<\/p>\n","protected":false},"author":10,"featured_media":0,"comment_status":"closed","ping_status":"open","sticky":false,"template":"","format":"standard","meta":{"footnotes":""},"categories":[7],"tags":[],"class_list":["post-2632","post","type-post","status-publish","format-standard","hentry","category-neuigkeiten-aus-wustrow"],"_links":{"self":[{"href":"https:\/\/www.seniorenbeirat-wustrow.de\/index.php\/wp-json\/wp\/v2\/posts\/2632","targetHints":{"allow":["GET"]}}],"collection":[{"href":"https:\/\/www.seniorenbeirat-wustrow.de\/index.php\/wp-json\/wp\/v2\/posts"}],"about":[{"href":"https:\/\/www.seniorenbeirat-wustrow.de\/index.php\/wp-json\/wp\/v2\/types\/post"}],"author":[{"embeddable":true,"href":"https:\/\/www.seniorenbeirat-wustrow.de\/index.php\/wp-json\/wp\/v2\/users\/10"}],"replies":[{"embeddable":true,"href":"https:\/\/www.seniorenbeirat-wustrow.de\/index.php\/wp-json\/wp\/v2\/comments?post=2632"}],"version-history":[{"count":2,"href":"https:\/\/www.seniorenbeirat-wustrow.de\/index.php\/wp-json\/wp\/v2\/posts\/2632\/revisions"}],"predecessor-version":[{"id":2635,"href":"https:\/\/www.seniorenbeirat-wustrow.de\/index.php\/wp-json\/wp\/v2\/posts\/2632\/revisions\/2635"}],"wp:attachment":[{"href":"https:\/\/www.seniorenbeirat-wustrow.de\/index.php\/wp-json\/wp\/v2\/media?parent=2632"}],"wp:term":[{"taxonomy":"category","embeddable":true,"href":"https:\/\/www.seniorenbeirat-wustrow.de\/index.php\/wp-json\/wp\/v2\/categories?post=2632"},{"taxonomy":"post_tag","embeddable":true,"href":"https:\/\/www.seniorenbeirat-wustrow.de\/index.php\/wp-json\/wp\/v2\/tags?post=2632"}],"curies":[{"name":"wp","href":"https:\/\/api.w.org\/{rel}","templated":true}]}}